{"id":1719,"date":"2024-02-01T16:03:40","date_gmt":"2024-02-01T15:03:40","guid":{"rendered":"https:\/\/8pp.skautifm.cz\/?p=1719"},"modified":"2024-02-02T07:50:08","modified_gmt":"2024-02-02T06:50:08","slug":"velke-sviceni-17-2-2024","status":"publish","type":"post","link":"https:\/\/8pp.skautifm.cz\/index.php\/2024\/02\/01\/velke-sviceni-17-2-2024\/","title":{"rendered":"Velk\u00e9 sv\u00edcen\u00ed 17.2.2024"},"content":{"rendered":"\n<p><strong>Zn\u00e1\u0161 velk\u00e9 sv\u00edcen\u00ed?<\/strong><\/p>\n\n\n\n<p>Je to se\u0161lost v\u0161ech \u010dlenek jednotliv\u00fdch d\u00edv\u010d\u00edch odd\u00edlu, kter\u00e9 se v n\u011bkter\u00fdch p\u0159\u00edpadech, tak \u010dasto nev\u00eddaj\u00ed. S touto akc\u00ed, maj\u00ed mo\u017enost se op\u011bt potkat a sd\u011blit si z\u00e1\u017eitky a novinky ze sv\u00fdch \u017eivotu.&nbsp;<\/p>\n\n\n\n<p>Jak vznikl n\u00e1zev Velk\u00e9 Sv\u00edcen\u00ed?<\/p>\n\n\n\n<p>Velk\u00e9 proto, \u017ee se shrom\u00e1\u017ed\u00ed v\u0161echny d\u00edvky a spole\u010dn\u011b vytvo\u0159\u00ed cel\u00fd jeden odd\u00edl. Na na\u0161ich sch\u016fzk\u00e1ch jsou d\u011bti, kluci i holky, prov\u00e1zeny p\u0159\u00edb\u011bhem Knihy d\u017eungl\u00ed a Lucinky, kter\u00e1 se stane sv\u011btlu\u0161kou a spole\u010dn\u011b se sv\u00fdm rojem se bude sna\u017eit p\u0159ekon\u00e1vat p\u0159ek\u00e1\u017eky a u\u010dit se nov\u00fdm dovednostem. Proto je hlavn\u00edm symbolem i na Velk\u00e9m Sv\u00edcen\u00ed, kde budou m\u00edt holky mo\u017enost dozv\u011bd\u011bt se o Lucince i jej\u00edm roji v\u00edce.<\/p>\n\n\n\n<p><strong>Sraz:<\/strong> 17.2.2024 v 15:00 v klubovn\u011b<\/p>\n\n\n\n<p><strong>Konec:<\/strong> v 19:00 u klubovny<\/p>\n\n\n\n<p><strong>Cena:<\/strong> 80 K\u010d (zahrnuje ozdoby na lucerni\u010dky, odm\u011bnu,\u2026)<\/p>\n\n\n\n<p><strong>S sebou:<\/strong><\/p>\n\n\n\n<p>&#8211; Kost\u00fdm sv\u011btlu\u0161ky (barevnou sukni\/\u0161aty, ozdoby do vlas\u016f,&nbsp;\u010delenku na v\u00fdrobu tykadel)<\/p>\n\n\n\n<p>&#8211; 4 \u010dajov\u00e9 sv\u00ed\u010dky<\/p>\n\n\n\n<p>&#8211; N\u011bco na zub&nbsp;<\/p>\n\n\n\n<p>&#8211; Dobrou n\u00e1ladu&nbsp;<\/p>\n\n\n\n<hr class=\"wp-block-separator has-alpha-channel-opacity\"\/>\n\n\n\n<p><strong>Program:<\/strong><\/p>\n\n\n\n<p>Velk\u00e9 Sv\u00edcen\u00ed je v na\u0161em odd\u00edle dlouholetou tradic\u00ed, kterou bychom cht\u011bli op\u011bt obnovit. Je to setk\u00e1n\u00ed v\u0161ech d\u00edvek z na\u0161eho odd\u00edlu a oslava nejnov\u011bj\u0161\u00edch \u010dlenek, sezn\u00e1men\u00ed se s na\u0161\u00ed histori\u00ed a p\u0159\u00edb\u011bhem Lucinky, kter\u00e1 je hlavn\u00ed postavou v p\u0159\u00edb\u011bhu sv\u011btlu\u0161kovsk\u00fdch Stezek (Lucerni\u010dek). Budeme si spole\u010dn\u011b pov\u00eddat, hr\u00e1t hry, tan\u010dit a pozn\u00e1me tradice Velk\u00e9ho Sv\u00edcen\u00ed.<\/p>\n\n\n\n<p><strong>Vedouc\u00ed akce:<\/strong> Hana T\u00f3thov\u00e1 (O\u010dko)<\/p>\n\n\n\n<p>tel.: 720 582 023<\/p>\n\n\n\n<hr class=\"wp-block-separator has-alpha-channel-opacity\"\/>\n\n\n\n<p><em>Hana T\u00f3thov\u00e1 &#8211; O\u010dko<\/em><\/p>\n\n\n\n<p>Z\u00e1stupce vedouc\u00ed odd\u00edlu&nbsp;&nbsp;<\/p>\n\n\n\n<p>Jun\u00e1k \u2013 \u010desk\u00fd skaut&nbsp;<\/p>\n\n\n\n<p>st\u0159edisko 8. p\u011b\u0161\u00edho pluku Slezsk\u00e9ho Fr\u00fddek-M\u00edstek, z. s.&nbsp;<\/p>\n\n\n\n<p>S\u00eddlo: 28. \u0159\u00edjna 781, 738 01 Fr\u00fddek-M\u00edstek&nbsp;<\/p>\n\n\n\n<p>Koresponden\u010dn\u00ed adresa: Jan Tk\u00e1\u010d, Kozlovice 990, 739 47 Kozlovice&nbsp; &nbsp;<\/p>\n\n\n\n<p>Mobil: +420 720 582 023<\/p>\n\n\n\n<p>Web:&nbsp;<a href=\"https:\/\/8pp.skautifm.cz\/\" target=\"_blank\" rel=\"noreferrer noopener\">https:\/\/8pp.skautifm.cz<\/a><\/p>\n\n\n<p><iframe loading=\"lazy\" src=\"https:\/\/docs.google.com\/forms\/d\/e\/1FAIpQLSc12ojrtV38U3bFAbGMflxhM5Xp1GwR3Ez0xHOfANr2suWnNw\/viewform?embedded=true\" width=\"640\" height=\"1442\" frameborder=\"0\" marginheight=\"0\" marginwidth=\"0\">Na\u010d\u00edt\u00e1n\u00ed\u2026<\/iframe><\/p>","protected":false},"excerpt":{"rendered":"<p>Zn\u00e1\u0161 velk\u00e9 sv\u00edcen\u00ed? Je to se\u0161lost v\u0161ech \u010dlenek jednotliv\u00fdch d\u00edv\u010d\u00edch odd\u00edlu, kter\u00e9 se v n\u011bkter\u00fdch p\u0159\u00edpadech, tak \u010dasto nev\u00eddaj\u00ed. S touto akc\u00ed, maj\u00ed mo\u017enost se op\u011bt potkat a sd\u011blit si z\u00e1\u017eitky a novinky ze sv\u00fdch \u017eivotu.&nbsp; Jak vznikl n\u00e1zev Velk\u00e9 Sv\u00edcen\u00ed? Velk\u00e9 proto, \u017ee se shrom\u00e1\u017ed\u00ed v\u0161echny d\u00edvky a spole\u010dn\u011b vytvo\u0159\u00ed cel\u00fd jeden odd\u00edl. Na <a href=\"https:\/\/8pp.skautifm.cz\/index.php\/2024\/02\/01\/velke-sviceni-17-2-2024\/\" rel=\"nofollow\"><span class=\"sr-only\">P\u0159e\u010d\u00edst si v\u00edc oVelk\u00e9 sv\u00edcen\u00ed 17.2.2024<\/span>[&hellip;]<\/a><\/p>\n","protected":false},"author":8,"featured_media":1720,"comment_status":"closed","ping_status":"closed","sticky":false,"template":"","format":"standard","meta":[],"categories":[1],"tags":[],"_links":{"self":[{"href":"https:\/\/8pp.skautifm.cz\/index.php\/wp-json\/wp\/v2\/posts\/1719"}],"collection":[{"href":"https:\/\/8pp.skautifm.cz\/index.php\/wp-json\/wp\/v2\/posts"}],"about":[{"href":"https:\/\/8pp.skautifm.cz\/index.php\/wp-json\/wp\/v2\/types\/post"}],"author":[{"embeddable":true,"href":"https:\/\/8pp.skautifm.cz\/index.php\/wp-json\/wp\/v2\/users\/8"}],"replies":[{"embeddable":true,"href":"https:\/\/8pp.skautifm.cz\/index.php\/wp-json\/wp\/v2\/comments?post=1719"}],"version-history":[{"count":2,"href":"https:\/\/8pp.skautifm.cz\/index.php\/wp-json\/wp\/v2\/posts\/1719\/revisions"}],"predecessor-version":[{"id":1729,"href":"https:\/\/8pp.skautifm.cz\/index.php\/wp-json\/wp\/v2\/posts\/1719\/revisions\/1729"}],"wp:featuredmedia":[{"embeddable":true,"href":"https:\/\/8pp.skautifm.cz\/index.php\/wp-json\/wp\/v2\/media\/1720"}],"wp:attachment":[{"href":"https:\/\/8pp.skautifm.cz\/index.php\/wp-json\/wp\/v2\/media?parent=1719"}],"wp:term":[{"taxonomy":"category","embeddable":true,"href":"https:\/\/8pp.skautifm.cz\/index.php\/wp-json\/wp\/v2\/categories?post=1719"},{"taxonomy":"post_tag","embeddable":true,"href":"https:\/\/8pp.skautifm.cz\/index.php\/wp-json\/wp\/v2\/tags?post=1719"}],"curies":[{"name":"wp","href":"https:\/\/api.w.org\/{rel}","templated":true}]}}