{"id":1775,"date":"2024-08-18T20:08:26","date_gmt":"2024-08-18T18:08:26","guid":{"rendered":"https:\/\/8pp.skautifm.cz\/?p=1775"},"modified":"2024-09-06T19:45:41","modified_gmt":"2024-09-06T17:45:41","slug":"slunecni-paseka-7-9-2024","status":"publish","type":"post","link":"https:\/\/8pp.skautifm.cz\/index.php\/2024\/08\/18\/slunecni-paseka-7-9-2024\/","title":{"rendered":"Slune\u010dn\u00ed paseka 7.9.2024"},"content":{"rendered":"\n<p>Ahoj, r\u00e1di bychom t\u011b jm\u00e9nem M\u00edsteck\u00e9 \u010ctverky pozvali na Slune\u010dn\u00ed Paseku. M\u00edsto, kde byl n\u00e1\u0161 odd\u00edl p\u0159ed 79 lety zalo\u017een a na kter\u00e9m se ka\u017ed\u00fd rok spole\u010dn\u011b sch\u00e1z\u00edme.<\/p>\n\n\n\n<p><strong>Kdy<\/strong>? Sobota 7.9.2024<\/p>\n\n\n\n<p><strong>Sraz<\/strong>: v&nbsp;8:00 u klubovny (M\u00edstek, 28. \u0159\u00edjna 781)<\/p>\n\n\n\n<p><strong>Konec<\/strong>: v&nbsp;14:30 u klubovny (M\u00edstek, 28. \u0159\u00edjna 781)<\/p>\n\n\n\n<p><strong>S sebou:<br><\/strong>\u2013 skautsk\u00fd kroj\/tri\u010dko<br>\u2013 n\u011bco na ohe\u0148 (\u0161pek\u00e1\u010dek, chleba, rohl\u00edk, s\u00fdr\u2026) + n\u011bjakou sva\u010dinku na cestu<br>\u2013 pit\u00ed na cel\u00fd den<br>\u2013 n\u011bco na psan\u00ed<br>\u2013 n\u011bjak\u00fd blo\u010dek<\/p>\n\n\n\n<p><strong>Program<\/strong>: Spole\u010dn\u011b se vyd\u00e1me na Slune\u010dn\u00ed Paseku, kter\u00e1 se nach\u00e1z\u00ed nedaleko<br>b\u00fdval\u00e9ho p\u00edskov\u00e9ho lomu v&nbsp;Hodo\u0148ovic\u00edch. Po cest\u011b si zahrajeme n\u011bkolik her. Na<br>Slune\u010dn\u00ed Pasece ud\u011bl\u00e1me ohe\u0148 a ope\u010deme si n\u011bco dobr\u00e9ho na ohni. Spole\u010dn\u011b se<br>tak\u00e9 pod\u00edv\u00e1me na p\u0159edsevzet\u00ed z&nbsp;minul\u00e9ho roku a nap\u00ed\u0161eme dal\u0161\u00ed do roku nov\u00e9ho.<\/p>\n\n\n\n<p>Na v\u0161echny se moc t\u011b\u0161\u00edme.<\/p>\n\n\n\n<p>Se stiskem levice,<\/p>\n\n\n\n<p>Daniel T\u00f3th( Hrabo\u0161) :724 421 686<br>a Martin B\u0159enek (Anonym)<\/p>\n\n\n<p><iframe loading=\"lazy\" src=\"https:\/\/docs.google.com\/forms\/d\/e\/1FAIpQLSciyeYFIUKGx4OXeMLGpobFjpHVTo5rbX0O72enLXdEmSlNJA\/viewform?embedded=true\" width=\"640\" height=\"1442\" frameborder=\"0\" marginheight=\"0\" marginwidth=\"0\">Na\u010d\u00edt\u00e1n\u00ed\u2026<\/iframe><\/p>","protected":false},"excerpt":{"rendered":"<p>Ahoj, r\u00e1di bychom t\u011b jm\u00e9nem M\u00edsteck\u00e9 \u010ctverky pozvali na Slune\u010dn\u00ed Paseku. M\u00edsto, kde byl n\u00e1\u0161 odd\u00edl p\u0159ed 79 lety zalo\u017een a na kter\u00e9m se ka\u017ed\u00fd rok spole\u010dn\u011b sch\u00e1z\u00edme. Kdy? Sobota 7.9.2024 Sraz: v&nbsp;8:00 u klubovny (M\u00edstek, 28. \u0159\u00edjna 781) Konec: v&nbsp;14:30 u klubovny (M\u00edstek, 28. \u0159\u00edjna 781) S sebou:\u2013 skautsk\u00fd kroj\/tri\u010dko\u2013 n\u011bco na ohe\u0148 (\u0161pek\u00e1\u010dek, <a href=\"https:\/\/8pp.skautifm.cz\/index.php\/2024\/08\/18\/slunecni-paseka-7-9-2024\/\" rel=\"nofollow\"><span class=\"sr-only\">P\u0159e\u010d\u00edst si v\u00edc oSlune\u010dn\u00ed paseka 7.9.2024<\/span>[&hellip;]<\/a><\/p>\n","protected":false},"author":8,"featured_media":217,"comment_status":"closed","ping_status":"closed","sticky":false,"template":"","format":"standard","meta":[],"categories":[1],"tags":[],"_links":{"self":[{"href":"https:\/\/8pp.skautifm.cz\/index.php\/wp-json\/wp\/v2\/posts\/1775"}],"collection":[{"href":"https:\/\/8pp.skautifm.cz\/index.php\/wp-json\/wp\/v2\/posts"}],"about":[{"href":"https:\/\/8pp.skautifm.cz\/index.php\/wp-json\/wp\/v2\/types\/post"}],"author":[{"embeddable":true,"href":"https:\/\/8pp.skautifm.cz\/index.php\/wp-json\/wp\/v2\/users\/8"}],"replies":[{"embeddable":true,"href":"https:\/\/8pp.skautifm.cz\/index.php\/wp-json\/wp\/v2\/comments?post=1775"}],"version-history":[{"count":1,"href":"https:\/\/8pp.skautifm.cz\/index.php\/wp-json\/wp\/v2\/posts\/1775\/revisions"}],"predecessor-version":[{"id":1776,"href":"https:\/\/8pp.skautifm.cz\/index.php\/wp-json\/wp\/v2\/posts\/1775\/revisions\/1776"}],"wp:featuredmedia":[{"embeddable":true,"href":"https:\/\/8pp.skautifm.cz\/index.php\/wp-json\/wp\/v2\/media\/217"}],"wp:attachment":[{"href":"https:\/\/8pp.skautifm.cz\/index.php\/wp-json\/wp\/v2\/media?parent=1775"}],"wp:term":[{"taxonomy":"category","embeddable":true,"href":"https:\/\/8pp.skautifm.cz\/index.php\/wp-json\/wp\/v2\/categories?post=1775"},{"taxonomy":"post_tag","embeddable":true,"href":"https:\/\/8pp.skautifm.cz\/index.php\/wp-json\/wp\/v2\/tags?post=1775"}],"curies":[{"name":"wp","href":"https:\/\/api.w.org\/{rel}","templated":true}]}}