{"id":1808,"date":"2024-11-03T17:58:57","date_gmt":"2024-11-03T16:58:57","guid":{"rendered":"https:\/\/8pp.skautifm.cz\/?p=1808"},"modified":"2024-11-03T17:58:57","modified_gmt":"2024-11-03T16:58:57","slug":"vyprava-na-ondrejnik-9-11-2024","status":"publish","type":"post","link":"https:\/\/8pp.skautifm.cz\/index.php\/2024\/11\/03\/vyprava-na-ondrejnik-9-11-2024\/","title":{"rendered":"V\u00fdprava na Ond\u0159ejn\u00edk 9.11.2024"},"content":{"rendered":"\n<p>Spole\u010dn\u011b se vyd\u00e1me na listopadovou v\u00fdpravu do hor. Za\u010dneme na n\u00e1dra\u017e\u00ed \u010celadn\u00e1, odkud se vyd\u00e1me kolem Ski are\u00e1lu Op\u00e1lena na sedlo Ond\u0159ejn\u00edku. Odtud podle \u010dasov\u00fdch podm\u00ednek p\u016fjdeme na vrchol Ond\u0159ejn\u00edku, nebo rovnou zam\u00ed\u0159\u00edme k roubence Ond\u0159ejn\u00ed\u010dek. N\u00e1sledn\u011b pak na n\u00e1dra\u017e\u00ed ve Fr\u00fddlantu nad Ostravic\u00ed. Cestou si zahrajeme spousty her a nau\u010d\u00edme se n\u011bco nov\u00e9ho jak o Ond\u0159ejn\u00edku, tak o oblasti ve kter\u00e9 le\u017e\u00ed. <em>(D\u00e9lka trasy i s vrcholem: cca 11.6km)<\/em><\/p>\n\n\n\n<p><strong>Sraz<\/strong>: 7:40 na vlakov\u00e9m n\u00e1dra\u017e\u00ed Fr\u00fddek-M\u00edstek (vlak odj\u00ed\u017ed\u00ed 8:02)<\/p>\n\n\n\n<p><strong>Konec<\/strong>: 14:00 na vlakov\u00e9m n\u00e1dra\u017e\u00ed Fr\u00fddek-M\u00edstek (p\u0159\u00edjezd vlaku je v 13:59)<\/p>\n\n\n\n<p><strong>Cena<\/strong>: 60 K\u010d \u2013 pln\u00e9 j\u00edzdn\u00e9 bez slevy\/30 K\u010d \u2013 j\u00edzdn\u00e9 do 14let<\/p>\n\n\n\n<p><span style=\"font-size: revert; color: initial;\"><strong>S sebou:<\/strong><\/span><\/p>\n\n\n\n<ul>\n<li>kroj (nebo odd\u00edlov\u00e9 tri\u010dko) + \u0161\u00e1tek (kdo m\u00e1)<\/li>\n\n\n\n<li>V\u011bci jako na sch\u016fzku<\/li>\n\n\n\n<li>J\u00eddlo a pit\u00ed <\/li>\n\n\n\n<li>Pl\u00e1\u0161t\u011bnku <\/li>\n\n\n\n<li>Vhodn\u00e9 oble\u010den\u00ed a obuv dle po\u010das\u00ed (na vrcholu m\u016f\u017ee foukat)<\/li>\n\n\n\n<li>Karti\u010dka poji\u0161\u0165ovny<\/li>\n\n\n\n<li>Kapesn\u00e9 dle vlastn\u00edho uv\u00e1\u017een\u00ed (pod vrcholem Ond\u0159ejn\u00edku roubenka Ond\u0159ejn\u00ed\u010dek)<\/li>\n<\/ul>\n\n\n\n<p><strong>Vedouc\u00ed akce:<\/strong><\/p>\n\n\n\n<p>Patricie Houdkov\u00e1 (Okurka) \u2013 email: patricie.houdkova@skautka.cz ,telefon: 732 722 584<\/p>\n\n\n<p><iframe loading=\"lazy\" src=\"https:\/\/docs.google.com\/forms\/d\/e\/1FAIpQLSfR2FgK5TDYuNaZzymvyObiMG4ctpRZZ_XawIEn7JJs9MXFqw\/viewform?embedded=true\" width=\"640\" height=\"1442\" frameborder=\"0\" marginheight=\"0\" marginwidth=\"0\">Na\u010d\u00edt\u00e1n\u00ed\u2026<\/iframe><\/p>","protected":false},"excerpt":{"rendered":"<p>Spole\u010dn\u011b se vyd\u00e1me na listopadovou v\u00fdpravu do hor. Za\u010dneme na n\u00e1dra\u017e\u00ed \u010celadn\u00e1, odkud se vyd\u00e1me kolem Ski are\u00e1lu Op\u00e1lena na sedlo Ond\u0159ejn\u00edku. Odtud podle \u010dasov\u00fdch podm\u00ednek p\u016fjdeme na vrchol Ond\u0159ejn\u00edku, nebo rovnou zam\u00ed\u0159\u00edme k roubence Ond\u0159ejn\u00ed\u010dek. N\u00e1sledn\u011b pak na n\u00e1dra\u017e\u00ed ve Fr\u00fddlantu nad Ostravic\u00ed. Cestou si zahrajeme spousty her a nau\u010d\u00edme se n\u011bco nov\u00e9ho jak <a href=\"https:\/\/8pp.skautifm.cz\/index.php\/2024\/11\/03\/vyprava-na-ondrejnik-9-11-2024\/\" rel=\"nofollow\"><span class=\"sr-only\">P\u0159e\u010d\u00edst si v\u00edc oV\u00fdprava na Ond\u0159ejn\u00edk 9.11.2024<\/span>[&hellip;]<\/a><\/p>\n","protected":false},"author":8,"featured_media":217,"comment_status":"closed","ping_status":"closed","sticky":false,"template":"","format":"standard","meta":[],"categories":[1],"tags":[],"_links":{"self":[{"href":"https:\/\/8pp.skautifm.cz\/index.php\/wp-json\/wp\/v2\/posts\/1808"}],"collection":[{"href":"https:\/\/8pp.skautifm.cz\/index.php\/wp-json\/wp\/v2\/posts"}],"about":[{"href":"https:\/\/8pp.skautifm.cz\/index.php\/wp-json\/wp\/v2\/types\/post"}],"author":[{"embeddable":true,"href":"https:\/\/8pp.skautifm.cz\/index.php\/wp-json\/wp\/v2\/users\/8"}],"replies":[{"embeddable":true,"href":"https:\/\/8pp.skautifm.cz\/index.php\/wp-json\/wp\/v2\/comments?post=1808"}],"version-history":[{"count":1,"href":"https:\/\/8pp.skautifm.cz\/index.php\/wp-json\/wp\/v2\/posts\/1808\/revisions"}],"predecessor-version":[{"id":1809,"href":"https:\/\/8pp.skautifm.cz\/index.php\/wp-json\/wp\/v2\/posts\/1808\/revisions\/1809"}],"wp:featuredmedia":[{"embeddable":true,"href":"https:\/\/8pp.skautifm.cz\/index.php\/wp-json\/wp\/v2\/media\/217"}],"wp:attachment":[{"href":"https:\/\/8pp.skautifm.cz\/index.php\/wp-json\/wp\/v2\/media?parent=1808"}],"wp:term":[{"taxonomy":"category","embeddable":true,"href":"https:\/\/8pp.skautifm.cz\/index.php\/wp-json\/wp\/v2\/categories?post=1808"},{"taxonomy":"post_tag","embeddable":true,"href":"https:\/\/8pp.skautifm.cz\/index.php\/wp-json\/wp\/v2\/tags?post=1808"}],"curies":[{"name":"wp","href":"https:\/\/api.w.org\/{rel}","templated":true}]}}