{"id":1859,"date":"2025-04-22T20:16:48","date_gmt":"2025-04-22T18:16:48","guid":{"rendered":"https:\/\/8pp.skautifm.cz\/?p=1859"},"modified":"2025-04-22T20:16:48","modified_gmt":"2025-04-22T18:16:48","slug":"vyprava-na-ivancenu-26-4-2025","status":"publish","type":"post","link":"https:\/\/8pp.skautifm.cz\/index.php\/2025\/04\/22\/vyprava-na-ivancenu-26-4-2025\/","title":{"rendered":"V\u00ddPRAVA NA IVAN\u010cENU 26.4.2025"},"content":{"rendered":"\n<p>Ji\u017e tradi\u010dn\u011b se jako ka\u017ed\u00fd rok vyd\u00e1me na dubnov\u00fd v\u00fdstup na Ivan\u010denu.&nbsp;Jedn\u00e1 se o kamennou mohylu stoj\u00edc\u00ed v Beskydech pod vrcholem Lys\u00e9 hory. Byla postavena na pam\u00e1tku p\u011bti skaut\u016f, kte\u0159\u00ed byli popraveni za \u00fa\u010dast v protinacistick\u00e9m odboji.<\/p>\n\n\n\n<p><a href=\"http:\/\/www.ivancena.cz\/\" target=\"_blank\" rel=\"noreferrer noopener\">http:\/\/www.ivancena.cz\/<\/a><\/p>\n\n\n\n<p><strong>Kdy:<\/strong>&nbsp;26.4.2025<\/p>\n\n\n\n<p><strong>Sraz:<\/strong>&nbsp;v 7:45 na autobusov\u00e9 zast\u00e1vce M\u00edstek, poliklinika (bus odj\u00ed\u017ed\u00ed v 8:00)<\/p>\n\n\n\n<p><strong>N\u00e1vrat:<\/strong>&nbsp;16:52 na autobusov\u00e9 zast\u00e1vce M\u00edstek, poliklinika<\/p>\n\n\n\n<p><strong>Cena:<\/strong>&nbsp;100 K\u010d na bus, (+ kapesn\u00e9 dle uv\u00e1\u017een\u00ed \u2013 n\u00e1\u0161ivka = 40 K\u010d, placka = 10 K\u010d)<\/p>\n\n\n\n<p><strong>S sebou:<\/strong><\/p>\n\n\n\n<ul>\n<li><strong>Kroj (nebo odd\u00edlov\u00e9 tri\u010dko) + \u0161\u00e1tek&nbsp;<\/strong>(pokud m\u00e1\u0161)<\/li>\n\n\n\n<li>V\u011bci jako na sch\u016fzku (KPZ, den\u00edk, uzlova\u010dka, \u0161\u00e1tek na hry)<\/li>\n\n\n\n<li>J\u00eddlo a pit\u00ed na cel\u00fd den<\/li>\n\n\n\n<li>Pevn\u00e9 nepromokav\u00e9 boty a tepl\u00e9 oble\u010den\u00ed (dle po\u010das\u00ed, naho\u0159e bude je\u0161t\u011b zima)<\/li>\n\n\n\n<li>Pl\u00e1\u0161t\u011bnku<\/li>\n\n\n\n<li>N\u011bjak\u00fd men\u0161\u00ed kam\u00ednek, kter\u00fd polo\u017e\u00edme k mohyle (do velikosti dlan\u011b)<\/li>\n\n\n\n<li>Kopie karti\u010dky poji\u0161\u0165ovny<\/li>\n\n\n\n<li><strong>Karti\u010dku ODIS<\/strong>&nbsp;(pokud m\u00e1\u0161)<\/li>\n<\/ul>\n\n\n\n<p><strong>Program:<\/strong>&nbsp;Autobusem 318 p\u0159ijedeme do Kr\u00e1sn\u00e9, kde vyjdeme na Ivan\u010denu a otestujeme si na\u0161e vyhled\u00e1vac\u00ed schopnosti, jako\u017e i vzd\u00e1me hold padl\u00fdm skautsk\u00fdm bratr\u016fm.<\/p>\n\n\n\n<p><strong>Vedouc\u00ed akce<\/strong>: Alexandr Escalante (Bub\u00e1k) \u2013 email:&nbsp;<a rel=\"noreferrer noopener\" href=\"mailto:bubak77@skaut.cz\" target=\"_blank\">bubak77@skaut.cz<\/a>, telefon: 733&nbsp;281 960<\/p>\n\n\n\n<p><\/p>\n\n\n<p><iframe loading=\"lazy\" src=\"https:\/\/docs.google.com\/forms\/d\/e\/1FAIpQLSe6-pX-c_iq3ehEPDSt0iSopb_ISh2WF-yStJuaSiD2eiKsbA\/viewform?embedded=true\" width=\"640\" height=\"1486\" frameborder=\"0\" marginheight=\"0\" marginwidth=\"0\">Na\u010d\u00edt\u00e1n\u00ed\u2026<\/iframe><\/p>","protected":false},"excerpt":{"rendered":"<p>Ji\u017e tradi\u010dn\u011b se jako ka\u017ed\u00fd rok vyd\u00e1me na dubnov\u00fd v\u00fdstup na Ivan\u010denu.&nbsp;Jedn\u00e1 se o kamennou mohylu stoj\u00edc\u00ed v Beskydech pod vrcholem Lys\u00e9 hory. Byla postavena na pam\u00e1tku p\u011bti skaut\u016f, kte\u0159\u00ed byli popraveni za \u00fa\u010dast v protinacistick\u00e9m odboji. http:\/\/www.ivancena.cz\/ Kdy:&nbsp;26.4.2025 Sraz:&nbsp;v 7:45 na autobusov\u00e9 zast\u00e1vce M\u00edstek, poliklinika (bus odj\u00ed\u017ed\u00ed v 8:00) N\u00e1vrat:&nbsp;16:52 na autobusov\u00e9 zast\u00e1vce M\u00edstek, <a href=\"https:\/\/8pp.skautifm.cz\/index.php\/2025\/04\/22\/vyprava-na-ivancenu-26-4-2025\/\" rel=\"nofollow\"><span class=\"sr-only\">P\u0159e\u010d\u00edst si v\u00edc oV\u00ddPRAVA NA IVAN\u010cENU 26.4.2025<\/span>[&hellip;]<\/a><\/p>\n","protected":false},"author":8,"featured_media":217,"comment_status":"closed","ping_status":"closed","sticky":false,"template":"","format":"standard","meta":[],"categories":[1],"tags":[],"_links":{"self":[{"href":"https:\/\/8pp.skautifm.cz\/index.php\/wp-json\/wp\/v2\/posts\/1859"}],"collection":[{"href":"https:\/\/8pp.skautifm.cz\/index.php\/wp-json\/wp\/v2\/posts"}],"about":[{"href":"https:\/\/8pp.skautifm.cz\/index.php\/wp-json\/wp\/v2\/types\/post"}],"author":[{"embeddable":true,"href":"https:\/\/8pp.skautifm.cz\/index.php\/wp-json\/wp\/v2\/users\/8"}],"replies":[{"embeddable":true,"href":"https:\/\/8pp.skautifm.cz\/index.php\/wp-json\/wp\/v2\/comments?post=1859"}],"version-history":[{"count":1,"href":"https:\/\/8pp.skautifm.cz\/index.php\/wp-json\/wp\/v2\/posts\/1859\/revisions"}],"predecessor-version":[{"id":1860,"href":"https:\/\/8pp.skautifm.cz\/index.php\/wp-json\/wp\/v2\/posts\/1859\/revisions\/1860"}],"wp:featuredmedia":[{"embeddable":true,"href":"https:\/\/8pp.skautifm.cz\/index.php\/wp-json\/wp\/v2\/media\/217"}],"wp:attachment":[{"href":"https:\/\/8pp.skautifm.cz\/index.php\/wp-json\/wp\/v2\/media?parent=1859"}],"wp:term":[{"taxonomy":"category","embeddable":true,"href":"https:\/\/8pp.skautifm.cz\/index.php\/wp-json\/wp\/v2\/categories?post=1859"},{"taxonomy":"post_tag","embeddable":true,"href":"https:\/\/8pp.skautifm.cz\/index.php\/wp-json\/wp\/v2\/tags?post=1859"}],"curies":[{"name":"wp","href":"https:\/\/api.w.org\/{rel}","templated":true}]}}