{"id":1879,"date":"2025-06-09T09:01:49","date_gmt":"2025-06-09T07:01:49","guid":{"rendered":"https:\/\/8pp.skautifm.cz\/?p=1879"},"modified":"2025-06-09T09:01:49","modified_gmt":"2025-06-09T07:01:49","slug":"priprava-taboriste-21-6-2025","status":"publish","type":"post","link":"https:\/\/8pp.skautifm.cz\/index.php\/2025\/06\/09\/priprava-taboriste-21-6-2025\/","title":{"rendered":"P\u0159\u00edprava t\u00e1bo\u0159i\u0161t\u011b 21.6.2025"},"content":{"rendered":"\n<p>T\u00e1bor se bl\u00ed\u017e\u00ed \u2013 ale ne\u017e se do n\u011bj spole\u010dn\u011b pono\u0159\u00edme, \u010dek\u00e1 n\u00e1s&nbsp;tradi\u010dn\u00ed&nbsp;akce \u2013 P\u0159\u00edprava t\u00e1bo\u0159i\u0161t\u011b. Bude pot\u0159eba uklidit n\u00e1\u0161 kr\u00e1sn\u00fd les, louku a pod\u00edvat&nbsp;se,&nbsp;zda je na\u0161e t\u00e1bo\u0159i\u0161t\u011b v&nbsp;po\u0159\u00e1dku,spole\u010dn\u011b&nbsp;si ho p\u0159iprav\u00edme tak, aby se n\u00e1m tam ty dva t\u00fddny kr\u00e1sn\u011b fungovalo\ud83d\ude0a.<\/p>\n\n\n\n<p>Tahle akce je samoz\u0159ejm\u011b i pro d\u011bti, kter\u00e9 na t\u00e1bor nejedou, budeme r\u00e1di za ka\u017edou pomoc.&nbsp;<\/p>\n\n\n\n<p><strong>Kdy<\/strong>: sobota 21.6. 2025<\/p>\n\n\n\n<p><strong>Sraz<\/strong>: 9:10, aut. zast\u00e1vka M\u00edstek, Rivi\u00e9ra (autobus odj\u00ed\u017ed\u00ed v 9:27)<\/p>\n\n\n\n<p><strong>N\u00e1vrat<\/strong>: 17:10, aut. zast\u00e1vka M\u00edstek, Rivi\u00e9ra<\/p>\n\n\n\n<p><strong>S sebou:<\/strong><\/p>\n\n\n\n<p>\u2022&nbsp;\u0161\u00e1tek<\/p>\n\n\n\n<p>\u2022&nbsp;v\u011bci jako na sch\u016fzku (KPZ, den\u00edk, uzlova\u010dku\u2026)<\/p>\n\n\n\n<p>\u2022&nbsp;j\u00eddlo a pit\u00ed&nbsp;na&nbsp;cel\u00fd den<\/p>\n\n\n\n<p>\u2022&nbsp;pevn\u00e9 boty a oble\u010den\u00ed podle po\u010das\u00ed&nbsp;(takov\u00e9, kter\u00e9 se m\u016f\u017ee za\u0161pinit)<\/p>\n\n\n\n<p>\u2022&nbsp;pracovn\u00ed rukavice<\/p>\n\n\n\n<p>\u2022&nbsp;pl\u00e1\u0161t\u011bnku<\/p>\n\n\n\n<p>\u2022&nbsp;arti\u010dku&nbsp;poji\u0161\u0165ovny (sta\u010d\u00ed kopie)<\/p>\n\n\n\n<p>\u2022&nbsp;20 K\u010d do 15+, jinak 40K\u010d (nebo jen ODIS kartu)<\/p>\n\n\n\n<p>\u2022&nbsp;pokr\u00fdvka hlavy<\/p>\n\n\n\n<p><strong>Program<\/strong>:&nbsp;Uklid\u00edme spolu les, louku a zkontrolujeme, zda je t\u00e1bo\u0159i\u0161t\u011b v&nbsp;po\u0159\u00e1dku. Zahrajeme si i p\u00e1r her a nasd\u00edl\u00edme si na\u0161e o\u010dek\u00e1v\u00e1n\u00ed z leto\u0161n\u00edho t\u00e1bora.<\/p>\n\n\n\n<p><strong>Vedouc\u00ed akce:<\/strong><\/p>\n\n\n\n<p><em>Barbora Pe\u0161i\u010dkov\u00e1 \u2013 732&nbsp;617&nbsp;801 (Barca.2005@skaut.cz)<\/em><\/p>\n\n\n\n<p><\/p>\n\n\n<p><iframe loading=\"lazy\" src=\"https:\/\/docs.google.com\/forms\/d\/e\/1FAIpQLSfOV8IHXqq0QHziKFe2PZ7bAHAUItJg3b9bamD0fCjLiVSSKQ\/viewform?embedded=true\" width=\"640\" height=\"1447\" frameborder=\"0\" marginheight=\"0\" marginwidth=\"0\">Na\u010d\u00edt\u00e1n\u00ed\u2026<\/iframe><\/p>","protected":false},"excerpt":{"rendered":"<p>T\u00e1bor se bl\u00ed\u017e\u00ed \u2013 ale ne\u017e se do n\u011bj spole\u010dn\u011b pono\u0159\u00edme, \u010dek\u00e1 n\u00e1s&nbsp;tradi\u010dn\u00ed&nbsp;akce \u2013 P\u0159\u00edprava t\u00e1bo\u0159i\u0161t\u011b. Bude pot\u0159eba uklidit n\u00e1\u0161 kr\u00e1sn\u00fd les, louku a pod\u00edvat&nbsp;se,&nbsp;zda je na\u0161e t\u00e1bo\u0159i\u0161t\u011b v&nbsp;po\u0159\u00e1dku,spole\u010dn\u011b&nbsp;si ho p\u0159iprav\u00edme tak, aby se n\u00e1m tam ty dva t\u00fddny kr\u00e1sn\u011b fungovalo\ud83d\ude0a. Tahle akce je samoz\u0159ejm\u011b i pro d\u011bti, kter\u00e9 na t\u00e1bor nejedou, budeme r\u00e1di za <a href=\"https:\/\/8pp.skautifm.cz\/index.php\/2025\/06\/09\/priprava-taboriste-21-6-2025\/\" rel=\"nofollow\"><span class=\"sr-only\">P\u0159e\u010d\u00edst si v\u00edc oP\u0159\u00edprava t\u00e1bo\u0159i\u0161t\u011b 21.6.2025<\/span>[&hellip;]<\/a><\/p>\n","protected":false},"author":8,"featured_media":0,"comment_status":"closed","ping_status":"closed","sticky":false,"template":"","format":"standard","meta":[],"categories":[1],"tags":[],"_links":{"self":[{"href":"https:\/\/8pp.skautifm.cz\/index.php\/wp-json\/wp\/v2\/posts\/1879"}],"collection":[{"href":"https:\/\/8pp.skautifm.cz\/index.php\/wp-json\/wp\/v2\/posts"}],"about":[{"href":"https:\/\/8pp.skautifm.cz\/index.php\/wp-json\/wp\/v2\/types\/post"}],"author":[{"embeddable":true,"href":"https:\/\/8pp.skautifm.cz\/index.php\/wp-json\/wp\/v2\/users\/8"}],"replies":[{"embeddable":true,"href":"https:\/\/8pp.skautifm.cz\/index.php\/wp-json\/wp\/v2\/comments?post=1879"}],"version-history":[{"count":1,"href":"https:\/\/8pp.skautifm.cz\/index.php\/wp-json\/wp\/v2\/posts\/1879\/revisions"}],"predecessor-version":[{"id":1880,"href":"https:\/\/8pp.skautifm.cz\/index.php\/wp-json\/wp\/v2\/posts\/1879\/revisions\/1880"}],"wp:attachment":[{"href":"https:\/\/8pp.skautifm.cz\/index.php\/wp-json\/wp\/v2\/media?parent=1879"}],"wp:term":[{"taxonomy":"category","embeddable":true,"href":"https:\/\/8pp.skautifm.cz\/index.php\/wp-json\/wp\/v2\/categories?post=1879"},{"taxonomy":"post_tag","embeddable":true,"href":"https:\/\/8pp.skautifm.cz\/index.php\/wp-json\/wp\/v2\/tags?post=1879"}],"curies":[{"name":"wp","href":"https:\/\/api.w.org\/{rel}","templated":true}]}}