{"id":1882,"date":"2025-07-21T07:38:11","date_gmt":"2025-07-21T05:38:11","guid":{"rendered":"https:\/\/8pp.skautifm.cz\/?p=1882"},"modified":"2025-07-21T07:38:11","modified_gmt":"2025-07-21T05:38:11","slug":"80-vyroci-zalozeni-oddilu-mistecka-ctverka-na-slunecni-pasece","status":"publish","type":"post","link":"https:\/\/8pp.skautifm.cz\/index.php\/2025\/07\/21\/80-vyroci-zalozeni-oddilu-mistecka-ctverka-na-slunecni-pasece\/","title":{"rendered":"80. v\u00fdro\u010d\u00ed zalo\u017een\u00ed odd\u00edlu M\u00edsteck\u00e1 \u010ctverka na Slune\u010dn\u00ed pasece"},"content":{"rendered":"\n<p><strong>Kdy:<\/strong>&nbsp;sobota 6.9.<\/p>\n\n\n\n<p><strong>Sraz:<\/strong>&nbsp;8:00 u klubovny<\/p>\n\n\n\n<p><strong>N\u00e1vrat:<\/strong>&nbsp;17:00<\/p>\n\n\n\n<p><strong>S sebou:<\/strong><\/p>\n\n\n\n<p>&#8211;&nbsp;\u0160\u00e1tek na hry<\/p>\n\n\n\n<p>&#8211;&nbsp;V\u011bci jako na sch\u016fzku<\/p>\n\n\n\n<p>&#8211;&nbsp;J\u00eddlo a pit\u00ed na cel\u00fd den<\/p>\n\n\n\n<p>&#8211;&nbsp;Pevn\u00e9 boty a oble\u010den\u00ed podle po\u010das\u00ed (takov\u00e9, kter\u00e9 se m\u016f\u017ee za\u0161pinit)<\/p>\n\n\n\n<p>&#8211;&nbsp;Karti\u010dku poji\u0161\u0165ovny (sta\u010d\u00ed kopie)<\/p>\n\n\n\n<p>&#8211;&nbsp;<strong>Skautsk\u00fd kroj a \u0161\u00e1tek, pop\u0159. odd\u00edlov\u00e9 tri\u010dko!<\/strong><\/p>\n\n\n\n<p><strong>Vedouc\u00ed akce:<\/strong>&nbsp;Hrabo\u0161, Anonym<\/p>\n\n\n\n<p><strong>Tel.:<\/strong>&nbsp;Hrabo\u0161 &#8211; 724421686, Anonym &#8211; 734308484<\/p>\n\n\n\n<p><strong>Email:<\/strong>&nbsp;<a href=\"mailto:daniel.hrabos.toth@skaut.cz\">daniel.hrabos.toth@skaut.cz<\/a>,&nbsp;<a href=\"mailto:anonym@skaut.cz\">anonym@skaut.cz<\/a><\/p>\n\n\n\n<p><strong>Program:<\/strong>&nbsp;Vyd\u00e1me se na Slune\u010dn\u00ed paseku, kde byla p\u0159ed 80. lety zalo\u017eena M\u00edsteck\u00e1 \u010ctverka. Po cest\u011b si zahrajeme p\u00e1r her, pov\u00edme si n\u011bco o historii odd\u00edlu a celou akci zakon\u010d\u00edme slavnostn\u00edm proslovem. Pot\u00e9 se vyd\u00e1me zp\u011bt ke klubovn\u011b.<\/p>\n\n\n\n<p><\/p>\n\n\n<p><iframe loading=\"lazy\" src=\"https:\/\/docs.google.com\/forms\/d\/e\/1FAIpQLSct_dtZagQ-99C2vKsF-2c2OJDHv8siI5Z68ST-nfmjLzC29Q\/viewform?embedded=true\" width=\"640\" height=\"1490\" frameborder=\"0\" marginheight=\"0\" marginwidth=\"0\">Na\u010d\u00edt\u00e1n\u00ed\u2026<\/iframe><\/p>","protected":false},"excerpt":{"rendered":"<p>Kdy:&nbsp;sobota 6.9. Sraz:&nbsp;8:00 u klubovny N\u00e1vrat:&nbsp;17:00 S sebou: &#8211;&nbsp;\u0160\u00e1tek na hry &#8211;&nbsp;V\u011bci jako na sch\u016fzku &#8211;&nbsp;J\u00eddlo a pit\u00ed na cel\u00fd den &#8211;&nbsp;Pevn\u00e9 boty a oble\u010den\u00ed podle po\u010das\u00ed (takov\u00e9, kter\u00e9 se m\u016f\u017ee za\u0161pinit) &#8211;&nbsp;Karti\u010dku poji\u0161\u0165ovny (sta\u010d\u00ed kopie) &#8211;&nbsp;Skautsk\u00fd kroj a \u0161\u00e1tek, pop\u0159. odd\u00edlov\u00e9 tri\u010dko! Vedouc\u00ed akce:&nbsp;Hrabo\u0161, Anonym Tel.:&nbsp;Hrabo\u0161 &#8211; 724421686, Anonym &#8211; 734308484 Email:&nbsp;daniel.hrabos.toth@skaut.cz,&nbsp;anonym@skaut.cz Program:&nbsp;Vyd\u00e1me se <a href=\"https:\/\/8pp.skautifm.cz\/index.php\/2025\/07\/21\/80-vyroci-zalozeni-oddilu-mistecka-ctverka-na-slunecni-pasece\/\" rel=\"nofollow\"><span class=\"sr-only\">P\u0159e\u010d\u00edst si v\u00edc o80. v\u00fdro\u010d\u00ed zalo\u017een\u00ed odd\u00edlu M\u00edsteck\u00e1 \u010ctverka na Slune\u010dn\u00ed pasece<\/span>[&hellip;]<\/a><\/p>\n","protected":false},"author":8,"featured_media":1883,"comment_status":"closed","ping_status":"closed","sticky":false,"template":"","format":"standard","meta":[],"categories":[1],"tags":[],"_links":{"self":[{"href":"https:\/\/8pp.skautifm.cz\/index.php\/wp-json\/wp\/v2\/posts\/1882"}],"collection":[{"href":"https:\/\/8pp.skautifm.cz\/index.php\/wp-json\/wp\/v2\/posts"}],"about":[{"href":"https:\/\/8pp.skautifm.cz\/index.php\/wp-json\/wp\/v2\/types\/post"}],"author":[{"embeddable":true,"href":"https:\/\/8pp.skautifm.cz\/index.php\/wp-json\/wp\/v2\/users\/8"}],"replies":[{"embeddable":true,"href":"https:\/\/8pp.skautifm.cz\/index.php\/wp-json\/wp\/v2\/comments?post=1882"}],"version-history":[{"count":1,"href":"https:\/\/8pp.skautifm.cz\/index.php\/wp-json\/wp\/v2\/posts\/1882\/revisions"}],"predecessor-version":[{"id":1884,"href":"https:\/\/8pp.skautifm.cz\/index.php\/wp-json\/wp\/v2\/posts\/1882\/revisions\/1884"}],"wp:featuredmedia":[{"embeddable":true,"href":"https:\/\/8pp.skautifm.cz\/index.php\/wp-json\/wp\/v2\/media\/1883"}],"wp:attachment":[{"href":"https:\/\/8pp.skautifm.cz\/index.php\/wp-json\/wp\/v2\/media?parent=1882"}],"wp:term":[{"taxonomy":"category","embeddable":true,"href":"https:\/\/8pp.skautifm.cz\/index.php\/wp-json\/wp\/v2\/categories?post=1882"},{"taxonomy":"post_tag","embeddable":true,"href":"https:\/\/8pp.skautifm.cz\/index.php\/wp-json\/wp\/v2\/tags?post=1882"}],"curies":[{"name":"wp","href":"https:\/\/api.w.org\/{rel}","templated":true}]}}