{"id":1895,"date":"2025-09-14T21:11:33","date_gmt":"2025-09-14T19:11:33","guid":{"rendered":"https:\/\/8pp.skautifm.cz\/?p=1895"},"modified":"2025-09-14T21:11:33","modified_gmt":"2025-09-14T19:11:33","slug":"vyprava-na-krsli-27-9-2025","status":"publish","type":"post","link":"https:\/\/8pp.skautifm.cz\/index.php\/2025\/09\/14\/vyprava-na-krsli-27-9-2025\/","title":{"rendered":"V\u00ddPRAVA NA Kr\u0161li 27.9.2025"},"content":{"rendered":"\n<p><strong>Kdy<\/strong>: 27. 9. 2025<\/p>\n\n\n\n<p><strong>Sraz<\/strong>: v 7:15 na autobusov\u00e9 zast\u00e1vce M\u00edstek, Politick\u00fdch ob\u011bt\u00ed (autobus odj\u00ed\u017ed\u00ed 7:23)<\/p>\n\n\n\n<p><strong>N\u00e1vrat<\/strong>: 14:27 na autobusov\u00e9 zast\u00e1vce M\u00edstek, Anensk\u00e1<\/p>\n\n\n\n<p><strong>Cena<\/strong>: 70 K\u010d na bus nebo nabit\u00e1 odiska<\/p>\n\n\n\n<p><strong>S sebou:<\/strong><\/p>\n\n\n\n<ul>\n<li>Odd\u00edlov\u00e9 tri\u010dko (pokud m\u00e1\u0161)<\/li>\n\n\n\n<li>V\u011bci jako na sch\u016fzku (KPZ, den\u00edk, uzlova\u010dka, \u0161\u00e1tek na hry)<\/li>\n\n\n\n<li>J\u00eddlo a pit\u00ed na cel\u00fd den<\/li>\n\n\n\n<li>Pevn\u00e9 boty a oble\u010den\u00ed dle po\u010das\u00ed<\/li>\n\n\n\n<li>Pl\u00e1\u0161t\u011bnku<\/li>\n\n\n\n<li>Kopie karti\u010dky poji\u0161\u0165ovny<\/li>\n\n\n\n<li>Dobrou n\u00e1ladu \ud83d\ude42<\/li>\n<\/ul>\n\n\n\n<p><strong>Program<\/strong>: Autobusem 351 dojedeme na zast\u00e1vku Mor\u00e1vka Bebek, odkud se vyd\u00e1me na Kr\u0161li a pot\u00e9 po h\u0159ebeni Velk\u00e9 Pol\u010dan\u00e9, kde n\u00e1s \u010dekaj\u00ed hezk\u00e9 v\u00fdhledy do kraje. Zp\u00e1tky do F-M pojedeme autobusem 351 ze zast\u00e1vky Mor\u00e1vka Uspolka, konec akce bude na zast\u00e1vce M\u00edstek, Anensk\u00e1. Cestou si zahrajeme p\u00e1r a v\u00edce se sezn\u00e1m\u00edme s nov\u00e1\u010dky :).<\/p>\n\n\n\n<p><strong>Vedouc\u00ed akce:<\/strong> Tereza Bukovjanov\u00e1 (V\u00fd\u0161ka) \u2013 email: tereza.bukovjanova@skaut.cz, telefon: 777 037 153<\/p>\n\n\n<p><iframe loading=\"lazy\" src=\"https:\/\/docs.google.com\/forms\/d\/e\/1FAIpQLSeTTE7E4i5ju0yEa75CjJ7QfHS5m92duV-5gyI097EIRrLSoQ\/viewform?embedded=true\" width=\"640\" height=\"1447\" frameborder=\"0\" marginheight=\"0\" marginwidth=\"0\">Na\u010d\u00edt\u00e1n\u00ed\u2026<\/iframe><\/p>","protected":false},"excerpt":{"rendered":"<p>Kdy: 27. 9. 2025 Sraz: v 7:15 na autobusov\u00e9 zast\u00e1vce M\u00edstek, Politick\u00fdch ob\u011bt\u00ed (autobus odj\u00ed\u017ed\u00ed 7:23) N\u00e1vrat: 14:27 na autobusov\u00e9 zast\u00e1vce M\u00edstek, Anensk\u00e1 Cena: 70 K\u010d na bus nebo nabit\u00e1 odiska S sebou: Program: Autobusem 351 dojedeme na zast\u00e1vku Mor\u00e1vka Bebek, odkud se vyd\u00e1me na Kr\u0161li a pot\u00e9 po h\u0159ebeni Velk\u00e9 Pol\u010dan\u00e9, kde n\u00e1s \u010dekaj\u00ed <a href=\"https:\/\/8pp.skautifm.cz\/index.php\/2025\/09\/14\/vyprava-na-krsli-27-9-2025\/\" rel=\"nofollow\"><span class=\"sr-only\">P\u0159e\u010d\u00edst si v\u00edc oV\u00ddPRAVA NA Kr\u0161li 27.9.2025<\/span>[&hellip;]<\/a><\/p>\n","protected":false},"author":8,"featured_media":0,"comment_status":"closed","ping_status":"closed","sticky":false,"template":"","format":"standard","meta":[],"categories":[1],"tags":[],"_links":{"self":[{"href":"https:\/\/8pp.skautifm.cz\/index.php\/wp-json\/wp\/v2\/posts\/1895"}],"collection":[{"href":"https:\/\/8pp.skautifm.cz\/index.php\/wp-json\/wp\/v2\/posts"}],"about":[{"href":"https:\/\/8pp.skautifm.cz\/index.php\/wp-json\/wp\/v2\/types\/post"}],"author":[{"embeddable":true,"href":"https:\/\/8pp.skautifm.cz\/index.php\/wp-json\/wp\/v2\/users\/8"}],"replies":[{"embeddable":true,"href":"https:\/\/8pp.skautifm.cz\/index.php\/wp-json\/wp\/v2\/comments?post=1895"}],"version-history":[{"count":1,"href":"https:\/\/8pp.skautifm.cz\/index.php\/wp-json\/wp\/v2\/posts\/1895\/revisions"}],"predecessor-version":[{"id":1896,"href":"https:\/\/8pp.skautifm.cz\/index.php\/wp-json\/wp\/v2\/posts\/1895\/revisions\/1896"}],"wp:attachment":[{"href":"https:\/\/8pp.skautifm.cz\/index.php\/wp-json\/wp\/v2\/media?parent=1895"}],"wp:term":[{"taxonomy":"category","embeddable":true,"href":"https:\/\/8pp.skautifm.cz\/index.php\/wp-json\/wp\/v2\/categories?post=1895"},{"taxonomy":"post_tag","embeddable":true,"href":"https:\/\/8pp.skautifm.cz\/index.php\/wp-json\/wp\/v2\/tags?post=1895"}],"curies":[{"name":"wp","href":"https:\/\/api.w.org\/{rel}","templated":true}]}}