{"id":1944,"date":"2026-04-30T21:09:51","date_gmt":"2026-04-30T19:09:51","guid":{"rendered":"https:\/\/8pp.skautifm.cz\/?p=1944"},"modified":"2026-04-30T21:09:51","modified_gmt":"2026-04-30T19:09:51","slug":"strediskova-vikendovka-29-31-5-artemis-ii-mise-do-vesmiru","status":"publish","type":"post","link":"https:\/\/8pp.skautifm.cz\/index.php\/2026\/04\/30\/strediskova-vikendovka-29-31-5-artemis-ii-mise-do-vesmiru\/","title":{"rendered":"St\u0159ediskov\u00e1 v\u00edkendovka 29.-31.5. Artemis II \u2013 mise do vesm\u00edru"},"content":{"rendered":"\n<p>D\u011bti se stanou \u010dleny pozemn\u00edho t\u00fdmu a mlad\u00fdmi astronauty, kte\u0159\u00ed mus\u00ed zachr\u00e1nit misi<br>Artemis II!\u00a0\u00a0<br>Kv\u016fli ne\u010dekan\u00e9 poru\u0161e nem\u016f\u017ee pos\u00e1dka odstartovat \u2013 a pot\u0159ebuje odv\u00e1\u017en\u00e9 \u00fa\u010dastn\u00edky,<br>kte\u0159\u00ed pomohou v\u0161echno opravit, otestovat a p\u0159ipravit k letu.<br>Zvl\u00e1dnou to v\u010das do napl\u00e1novan\u00e9ho startu, nebo se mise nakonec v\u016fbec<br>neuskute\u010dn\u00ed??<br>P\u0159idej se k n\u00e1m a pomoz odstartovat cestu zp\u011bt k M\u011bs\u00edci! \ufffd\ufffd\u2728<br><strong>Akce je pouze pro dru\u017einy: \u0160pi\u00f3ni, \u010cokol\u00e1dov\u00e9 opice a Bu\u0159tgang<\/strong><\/p>\n\n\n\n<hr class=\"wp-block-separator has-alpha-channel-opacity is-style-dots\"\/>\n\n\n\n<p><strong>KDY<\/strong>: 29.-31.5. 2026<br><strong>KDE<\/strong>: skautsk\u00e1 z\u00e1kladna Poche\u0148, \u0160irok\u00e1 Niva (https:\/\/www.pochen.cz\/)<br><strong>SRAZ<\/strong>: 29.5. na vlakov\u00e9m n\u00e1dra\u017e\u00ed ve F-M (vestibul) &#8211; 15:45 (vlak odj\u00ed\u017ed\u00ed v 16:01)<br><strong>N\u00c1VRAT<\/strong>: 31.5. na vlakov\u00e9m n\u00e1dra\u017e\u00ed ve F-M &#8211; 16:00<br><strong>CENA<\/strong>: 650 K\u010d (pen\u00edze pos\u00edlejte na n\u00e1\u0161 skautsk\u00fd \u00fa\u010det do 27.5.)<br><strong>\u010c\u00edslo \u00fa\u010dtu<\/strong>: 2400192485\/2010&nbsp;<br>Variabiln\u00ed symbol: rodn\u00e9 \u010d\u00edslo d\u00edt\u011bte<br>Pozn\u00e1mka pro p\u0159\u00edjemce \u2013 V\u00edkendovka Artemis II &#8211; jm\u00e9no a p\u0159\u00edjmen\u00ed d\u00edt\u011bte<\/p>\n\n\n\n<hr class=\"wp-block-separator has-alpha-channel-opacity is-style-dots\"\/>\n\n\n\n<p><strong>CO S SEBOU?<\/strong><\/p>\n\n\n\n<ul>\n<li>spac\u00e1k<\/li>\n\n\n\n<li>oble\u010den\u00ed na span\u00ed<\/li>\n\n\n\n<li>oble\u010den\u00ed na ven (kter\u00e9 se m\u016f\u017ee za\u0161pinit)<\/li>\n\n\n\n<li>oble\u010den\u00ed dovnit\u0159 + kroj a odd\u00edlov\u00e9 tri\u010dko (pokud m\u00e1)<\/li>\n\n\n\n<li>pohodln\u00e9 boty<\/li>\n\n\n\n<li>p\u0159ez\u016fvky<\/li>\n\n\n\n<li>no\u017e\u00edk<\/li>\n\n\n\n<li>\u010delovka<\/li>\n\n\n\n<li>\u0161\u00e1tek (na hry)<\/li>\n\n\n\n<li>KPZ<\/li>\n\n\n\n<li>z\u00e1pisn\u00edk a psac\u00ed pot\u0159eby<\/li>\n\n\n\n<li>karti\u010dka na slevu j\u00edzdn\u00e9ho (pokud m\u00e1te)<\/li>\n\n\n\n<li>hygienick\u00e9 pot\u0159eby<\/li>\n\n\n\n<li>uzlova\u010dka<\/li>\n\n\n\n<li>pl\u00e1\u0161t\u011bnka<\/li>\n\n\n\n<li>p\u00e1te\u010dn\u00ed ve\u010de\u0159i!!<\/li>\n\n\n\n<li>l\u00e1hev s pit\u00edm (na cestu)<br>L\u00e9ky s jejich popisem budete moct odevzdat zdravotn\u00edkovi akce \u2013 Michal Krko\u0161ka<br>(Zelen\u00fd) na jej\u00edm za\u010d\u00e1tku.<\/li>\n<\/ul>\n\n\n\n<hr class=\"wp-block-separator has-alpha-channel-opacity is-style-dots\"\/>\n\n\n\n<p><strong>VEDOUC\u00cd AKCE:<\/strong> Barbora Pe\u0161i\u010dkov\u00e1<br><strong>KONTAKT<\/strong>:&nbsp;<br>tel. 732 617 801<br>email: barca.2005@skaut.cz<\/p>\n\n\n<p><iframe loading=\"lazy\" src=\"https:\/\/docs.google.com\/forms\/d\/e\/1FAIpQLSearBlghpYw_xl1NGSXYib2idevwskiWmPTU0SyylET3GLgyg\/viewform?embedded=true\" width=\"640\" height=\"1627\" frameborder=\"0\" marginheight=\"0\" marginwidth=\"0\">Na\u010d\u00edt\u00e1n\u00ed\u2026<\/iframe><\/p>","protected":false},"excerpt":{"rendered":"<p>D\u011bti se stanou \u010dleny pozemn\u00edho t\u00fdmu a mlad\u00fdmi astronauty, kte\u0159\u00ed mus\u00ed zachr\u00e1nit misiArtemis II!\u00a0\u00a0Kv\u016fli ne\u010dekan\u00e9 poru\u0161e nem\u016f\u017ee pos\u00e1dka odstartovat \u2013 a pot\u0159ebuje odv\u00e1\u017en\u00e9 \u00fa\u010dastn\u00edky,kte\u0159\u00ed pomohou v\u0161echno opravit, otestovat a p\u0159ipravit k letu.Zvl\u00e1dnou to v\u010das do napl\u00e1novan\u00e9ho startu, nebo se mise nakonec v\u016fbecneuskute\u010dn\u00ed??P\u0159idej se k n\u00e1m a pomoz odstartovat cestu zp\u011bt k M\u011bs\u00edci! \ufffd\ufffd\u2728Akce je pouze <a href=\"https:\/\/8pp.skautifm.cz\/index.php\/2026\/04\/30\/strediskova-vikendovka-29-31-5-artemis-ii-mise-do-vesmiru\/\" rel=\"nofollow\"><span class=\"sr-only\">P\u0159e\u010d\u00edst si v\u00edc oSt\u0159ediskov\u00e1 v\u00edkendovka 29.-31.5. Artemis II \u2013 mise do vesm\u00edru<\/span>[&hellip;]<\/a><\/p>\n","protected":false},"author":8,"featured_media":1945,"comment_status":"closed","ping_status":"closed","sticky":false,"template":"","format":"standard","meta":[],"categories":[1],"tags":[],"_links":{"self":[{"href":"https:\/\/8pp.skautifm.cz\/index.php\/wp-json\/wp\/v2\/posts\/1944"}],"collection":[{"href":"https:\/\/8pp.skautifm.cz\/index.php\/wp-json\/wp\/v2\/posts"}],"about":[{"href":"https:\/\/8pp.skautifm.cz\/index.php\/wp-json\/wp\/v2\/types\/post"}],"author":[{"embeddable":true,"href":"https:\/\/8pp.skautifm.cz\/index.php\/wp-json\/wp\/v2\/users\/8"}],"replies":[{"embeddable":true,"href":"https:\/\/8pp.skautifm.cz\/index.php\/wp-json\/wp\/v2\/comments?post=1944"}],"version-history":[{"count":1,"href":"https:\/\/8pp.skautifm.cz\/index.php\/wp-json\/wp\/v2\/posts\/1944\/revisions"}],"predecessor-version":[{"id":1946,"href":"https:\/\/8pp.skautifm.cz\/index.php\/wp-json\/wp\/v2\/posts\/1944\/revisions\/1946"}],"wp:featuredmedia":[{"embeddable":true,"href":"https:\/\/8pp.skautifm.cz\/index.php\/wp-json\/wp\/v2\/media\/1945"}],"wp:attachment":[{"href":"https:\/\/8pp.skautifm.cz\/index.php\/wp-json\/wp\/v2\/media?parent=1944"}],"wp:term":[{"taxonomy":"category","embeddable":true,"href":"https:\/\/8pp.skautifm.cz\/index.php\/wp-json\/wp\/v2\/categories?post=1944"},{"taxonomy":"post_tag","embeddable":true,"href":"https:\/\/8pp.skautifm.cz\/index.php\/wp-json\/wp\/v2\/tags?post=1944"}],"curies":[{"name":"wp","href":"https:\/\/api.w.org\/{rel}","templated":true}]}}